{"id":6732,"date":"2025-06-20T21:07:06","date_gmt":"2025-06-20T21:07:06","guid":{"rendered":"https:\/\/mydes.izt.uam.mx\/?p=6732"},"modified":"2025-06-20T21:07:06","modified_gmt":"2025-06-20T21:07:06","slug":"la-linea-de-economia-social-del-posgrado-en-estudios-sociales-los-invita-a-la-presentacion-del-libro-dinamicas-socioeconomicas-y-humanas-en-el-mundo-en-transformacion","status":"publish","type":"post","link":"https:\/\/mydes.izt.uam.mx\/?p=6732","title":{"rendered":"La l\u00ednea de Econom\u00eda Social del Posgrado en Estudios Sociales, los Invita a la presentaci\u00f3n del Libro Din\u00e1micas Socioecon\u00f3micas y humanas en el mundo en transformaci\u00f3n."},"content":{"rendered":"\n<p class=\"wp-block-paragraph\">La l\u00ednea de Econom\u00eda Social del Posgrado en Estudios Sociales, los Invita a la presentaci\u00f3n del Libro Din\u00e1micas Socioecon\u00f3micas y humanas en el mundo en transformaci\u00f3n. En el que participaran Alumnos de la L\u00ednea de Econom\u00eda Social <\/p>\n\n\n\n<p class=\"wp-block-paragraph\"><\/p>\n\n\n\n<p class=\"wp-block-paragraph\"><\/p>\n\n\n\n<figure class=\"wp-block-image size-large\"><img fetchpriority=\"high\" decoding=\"async\" width=\"819\" height=\"1024\" src=\"https:\/\/mydes.izt.uam.mx\/wp-content\/uploads\/2025\/06\/Presentacion-de-libro--819x1024.jpeg\" alt=\"\" class=\"wp-image-6733\" srcset=\"https:\/\/mydes.izt.uam.mx\/wp-content\/uploads\/2025\/06\/Presentacion-de-libro--819x1024.jpeg 819w, https:\/\/mydes.izt.uam.mx\/wp-content\/uploads\/2025\/06\/Presentacion-de-libro--240x300.jpeg 240w, https:\/\/mydes.izt.uam.mx\/wp-content\/uploads\/2025\/06\/Presentacion-de-libro--768x960.jpeg 768w, https:\/\/mydes.izt.uam.mx\/wp-content\/uploads\/2025\/06\/Presentacion-de-libro--1229x1536.jpeg 1229w, https:\/\/mydes.izt.uam.mx\/wp-content\/uploads\/2025\/06\/Presentacion-de-libro-.jpeg 1280w\" sizes=\"(max-width: 819px) 100vw, 819px\" \/><\/figure>\n","protected":false},"excerpt":{"rendered":"<p>La l\u00ednea de Econom\u00eda Social del Posgrado en Estudios Sociales, los Invita a la presentaci\u00f3n del Libro Din\u00e1micas Socioecon\u00f3micas y humanas en el mundo en transformaci\u00f3n. En el que participaran Alumnos de la L\u00ednea de Econom\u00eda Social<\/p>\n","protected":false},"author":9,"featured_media":6733,"comment_status":"open","ping_status":"open","sticky":false,"template":"","format":"standard","meta":{"footnotes":""},"categories":[1],"tags":[],"class_list":["post-6732","post","type-post","status-publish","format-standard","has-post-thumbnail","hentry","category-sin-categoria"],"blocksy_meta":{"styles_descriptor":{"styles":{"desktop":"","tablet":"","mobile":""},"google_fonts":[],"version":8}},"_links":{"self":[{"href":"https:\/\/mydes.izt.uam.mx\/index.php?rest_route=\/wp\/v2\/posts\/6732","targetHints":{"allow":["GET"]}}],"collection":[{"href":"https:\/\/mydes.izt.uam.mx\/index.php?rest_route=\/wp\/v2\/posts"}],"about":[{"href":"https:\/\/mydes.izt.uam.mx\/index.php?rest_route=\/wp\/v2\/types\/post"}],"author":[{"embeddable":true,"href":"https:\/\/mydes.izt.uam.mx\/index.php?rest_route=\/wp\/v2\/users\/9"}],"replies":[{"embeddable":true,"href":"https:\/\/mydes.izt.uam.mx\/index.php?rest_route=%2Fwp%2Fv2%2Fcomments&post=6732"}],"version-history":[{"count":1,"href":"https:\/\/mydes.izt.uam.mx\/index.php?rest_route=\/wp\/v2\/posts\/6732\/revisions"}],"predecessor-version":[{"id":6734,"href":"https:\/\/mydes.izt.uam.mx\/index.php?rest_route=\/wp\/v2\/posts\/6732\/revisions\/6734"}],"wp:featuredmedia":[{"embeddable":true,"href":"https:\/\/mydes.izt.uam.mx\/index.php?rest_route=\/wp\/v2\/media\/6733"}],"wp:attachment":[{"href":"https:\/\/mydes.izt.uam.mx\/index.php?rest_route=%2Fwp%2Fv2%2Fmedia&parent=6732"}],"wp:term":[{"taxonomy":"category","embeddable":true,"href":"https:\/\/mydes.izt.uam.mx\/index.php?rest_route=%2Fwp%2Fv2%2Fcategories&post=6732"},{"taxonomy":"post_tag","embeddable":true,"href":"https:\/\/mydes.izt.uam.mx\/index.php?rest_route=%2Fwp%2Fv2%2Ftags&post=6732"}],"curies":[{"name":"wp","href":"https:\/\/api.w.org\/{rel}","templated":true}]}}